{"id":2012,"date":"2018-11-28T10:42:31","date_gmt":"2018-11-28T10:42:31","guid":{"rendered":"https:\/\/www.jeromeadam.com\/ma-conference-sur-la-performance-et-le-travail-en-equipe-a-l-essec-executive-avec-les-temoignages-de-laurence-fischer-et-raymond-domenech\/"},"modified":"2018-11-29T15:18:23","modified_gmt":"2018-11-29T15:18:23","slug":"my-conference-on-performance-and-teamwork-at-l-essec-business-schools-executive-mba-program-with-participation-from-laurence-fischer-and-raymond-domenech","status":"publish","type":"post","link":"https:\/\/www.jeromeadam.com\/en\/my-conference-on-performance-and-teamwork-at-l-essec-business-schools-executive-mba-program-with-participation-from-laurence-fischer-and-raymond-domenech\/","title":{"rendered":"My Conference on Performance and Teamwork at l\u2019ESSEC Business School\u2019s Executive MBA Program with Participation from Laurence Fischer and Raymond Domenech"},"content":{"rendered":"<div class=\"fusion-fullwidth fullwidth-box fusion-builder-row-1 hundred-percent-fullwidth non-hundred-percent-height-scrolling\" style=\"--awb-border-radius-top-left:0px;--awb-border-radius-top-right:0px;--awb-border-radius-bottom-right:0px;--awb-border-radius-bottom-left:0px;--awb-padding-top:0px;--awb-padding-right:5.5%;--awb-padding-bottom:150px;--awb-padding-left:5.5%;--awb-flex-wrap:wrap;\" ><div class=\"fusion-builder-row fusion-row\"><div class=\"fusion-layout-column fusion_builder_column fusion-builder-column-0 fusion_builder_column_3_5 3_5 fusion-three-fifth fusion-column-first\" style=\"--awb-bg-size:cover;width:60%;width:calc(60% - ( ( 4% + 4% ) * 0.6 ) );margin-right: 4%;\"><div class=\"fusion-column-wrapper fusion-flex-column-wrapper-legacy\"><div class=\"fusion-image-element in-legacy-container\" style=\"--awb-caption-title-font-family:var(--h2_typography-font-family);--awb-caption-title-font-weight:var(--h2_typography-font-weight);--awb-caption-title-font-style:var(--h2_typography-font-style);--awb-caption-title-size:var(--h2_typography-font-size);--awb-caption-title-transform:var(--h2_typography-text-transform);--awb-caption-title-line-height:var(--h2_typography-line-height);--awb-caption-title-letter-spacing:var(--h2_typography-letter-spacing);\"><span class=\" fusion-imageframe imageframe-none imageframe-1 hover-type-none\"><img decoding=\"async\" width=\"800\" height=\"600\" alt=\"Picture of J\u00e9r\u00f4me Adam, Laurence Fischer, Marielle Durand and Raymond Domenech at l\u2019ESSEC Business School\" title=\"Picture-of-Jerome-Adam-Laurence-Fischer-Marielle-Durand-and-Raymond-Domenech-at-l-ESSEC-Business-School\" src=\"https:\/\/www.jeromeadam.com\/wp-content\/uploads\/2018\/11\/Picture-of-Jerome-Adam-Laurence-Fischer-Marielle-Durand-and-Raymond-Domenech-at-l-ESSEC-Business-School-800x600.jpg\" class=\"img-responsive wp-image-2014\" srcset=\"https:\/\/www.jeromeadam.com\/wp-content\/uploads\/2018\/11\/Picture-of-Jerome-Adam-Laurence-Fischer-Marielle-Durand-and-Raymond-Domenech-at-l-ESSEC-Business-School-200x150.jpg 200w, https:\/\/www.jeromeadam.com\/wp-content\/uploads\/2018\/11\/Picture-of-Jerome-Adam-Laurence-Fischer-Marielle-Durand-and-Raymond-Domenech-at-l-ESSEC-Business-School-400x300.jpg 400w, https:\/\/www.jeromeadam.com\/wp-content\/uploads\/2018\/11\/Picture-of-Jerome-Adam-Laurence-Fischer-Marielle-Durand-and-Raymond-Domenech-at-l-ESSEC-Business-School-600x450.jpg 600w, https:\/\/www.jeromeadam.com\/wp-content\/uploads\/2018\/11\/Picture-of-Jerome-Adam-Laurence-Fischer-Marielle-Durand-and-Raymond-Domenech-at-l-ESSEC-Business-School-800x600.jpg 800w, https:\/\/www.jeromeadam.com\/wp-content\/uploads\/2018\/11\/Picture-of-Jerome-Adam-Laurence-Fischer-Marielle-Durand-and-Raymond-Domenech-at-l-ESSEC-Business-School-1200x900.jpg 1200w\" sizes=\"(max-width: 1024px) 100vw, 800px\" \/><\/span><\/div><div class=\"fusion-sep-clear\"><\/div><div class=\"fusion-separator fusion-clearfix\" style=\"float:left;margin-top:40px;margin-bottom:30px;width:100%;max-width:200px;\"><div class=\"fusion-separator-border sep-single sep-solid\" style=\"--awb-height:20px;--awb-amount:20px;--awb-sep-color:#264e9e;border-color:#264e9e;border-top-width:3px;\"><\/div><\/div><div class=\"fusion-sep-clear\"><\/div><div class=\"fusion-text fusion-text-1\"><p>On November 13, with the support of l\u2019<i>ESSEC<\/i>\u2019s Management and Society Center of Excellence, I organized the following event: \u201cIndividual and Collective Performance: Alone We Go Faster, Together We Go Higher!\u201d<\/p>\n<p>Goal: To foster a spirit of teamwork and achieve longer-lasting individual and collective success.<\/p>\n<p>On the program:<\/p>\n<ul>\n<li>A screening of the <i>Tandem<\/i> documentary (16 minute version)<\/li>\n<li>My presentation (30 minutes)<\/li>\n<li>Round table with Laurence Fischer (someone we should all know) and Raymond Domenech (someone we think we know) (30 minutes), accompanied by illustrations performed live by Marielle Durand<\/li>\n<\/ul>\n<p>Issues addressed:<\/p>\n<ul>\n<li>How can collective goals and personal ambition coexist?<\/li>\n<li>How can individual talent and collective performance be harmonized?<\/li>\n<li>How can complementarity and durability be fostered?<\/li>\n<\/ul>\n<p>During my presentation I discussed the less obvious themes of the <i>Tandem<\/i> documentary, which charts my climb up Mont Ventoux on tandem bicycle with Guillaume Buffet (my colleague at JCPMY). I highlighted the lessons to be gleaned from this adventure and applied to our daily personal and professional lives. It is vital to me to ensure that each viewer makes this story their own and finds ways it can improve the way they work with others and their productivity. The adventure and sporting elements should be secondary. What can be emulated? What universal lessons can be learned from this sporting event? This is what is important to me about this conference.<\/p>\n<p>I addressed the following themes based on concrete examples:<\/p>\n<ul>\n<li>The possibility of overcoming obstacles with the help of others and starting a project with less than 100% certainty.<\/li>\n<li>The reciprocity of commitment and trust in others.<\/li>\n<li>The role of honesty and communication in developing complementarity.<\/li>\n<li>Openness to others and the ability to question oneself.<\/li>\n<li>The importance of enjoying what you do and the ability to manage the unexpected.<\/li>\n<\/ul>\n<p>To close the loop\u2014not the Tour de France but teamwork\u2014I reminded the audience that the single most important act is to prioritize the individual and his or her ideas, and to look beyond theoretical knowledge to knowhow and soft skills. I have no shortage of concrete examples from my entrepreneurial career, but my favorite is when a self-taught employee was asked to present to a ministerial cabinet the conclusions of a call for tenders we had been awarded. What a road traveled by our colleague!<\/p>\n<p>After the conference, our guests were invited to express their opinions and help further our understanding. Joining me were Laurence Fischer (founder of Fight for Destiny and triple karate world champion) and Raymond Domenech (president of UNECATEF, retired French footballer and former manager of the French men\u2019s national team).<\/p>\n<p>What similarities exist in commitment and motivation between an individual sport and a team sport? In a world (football) where salary takes precedence over growth and appreciation, what room is there for teamwork? Are goodwill and the desire to defeat an opponent compatible? Does being honest sometime mean hurting someone? What mistakes have these two men made that may help us in our own teamwork? What are their present and future plans? These were questions Laurence and Raymond answered honestly and without inhibition. A big thank you goes out to these two men and l\u2019ESSEC business school for trusting me with organizing this event and once again demonstrating their pioneering spirit in accepting to go beyond set scripts and presumptions.<\/p>\n<\/div><div class=\"fusion-sep-clear\"><\/div><div class=\"fusion-separator fusion-full-width-sep\" style=\"margin-left: auto;margin-right: auto;margin-top:20px;width:100%;\"><\/div><div class=\"fusion-sep-clear\"><\/div><div class=\"fusion-text fusion-text-2\"><div style=\"background-color: #264e9e; box-sizing: border-box; color: #5c6668; display: table; font-family: Raleway; font-size: 16px; height: 74px; line-height: 36px; margin-bottom: 0px; margin-top: 60px; width: 914px; padding: 15px 20px 15px 20px;\">\n<h4 style=\"text-align: center; display: inline; color: #ffffff;\">Share this post:<\/h4>\n<div style=\"text-align: center; display: inline;\">\n<div class=\"juiz_sps_links  counters_both juiz_sps_displayed_nowhere\" data-post-id=\"2012\">\n<p class=\"screen-reader-text juiz_sps_maybe_hidden_text\">Share the post \"My Conference on Performance and Teamwork at l\u2019ESSEC Business School\u2019s Executive MBA Program with Participation from Laurence Fischer and Raymond Domenech\"<\/p>\n\n\t<ul class=\"juiz_sps_links_list juiz_sps_hide_name\" onclick=\"void(0);\"><li class=\"juiz_sps_item juiz_sps_link_facebook\"><a href=\"https:\/\/www.facebook.com\/sharer.php?u=https%3A%2F%2Fwww.jeromeadam.com%2Fen%2Fwp-json%2Fwp%2Fv2%2Fposts%2F2012\" rel=\"nofollow\"  target=\"_blank\"  title=\"Share this article on Facebook\" class=\"juiz_sps_button\" data-nobs-key=\"facebook\"><span class=\"juiz_sps_icon jsps-facebook\"><\/span><span class=\"juiz_sps_network_name\">Facebook<\/span><\/a><\/li><li class=\"juiz_sps_item juiz_sps_link_twitter\"><a href=\"https:\/\/x.com\/intent\/tweet?source=webclient&#038;original_referer=https%3A%2F%2Fwww.jeromeadam.com%2Fen%2Fwp-json%2Fwp%2Fv2%2Fposts%2F2012&#038;text=My%20Conference%20on%20Performance%20and%20Teamwork%20at%20l%E2%80%99ESSEC%20Business%20School%E2%80%99s%20Executive%20MBA%20Program%20with%20Participation%20from%20Laurence%20Fischer%20and%20Raymond%20Domenech&#038;url=https%3A%2F%2Fwww.jeromeadam.com%2Fen%2Fwp-json%2Fwp%2Fv2%2Fposts%2F2012&#038;related=thejeromeadam&#038;via=thejeromeadam\" rel=\"nofollow\"  target=\"_blank\"  title=\"Share this article on X\" class=\"juiz_sps_button\" data-nobs-key=\"twitter\"><span class=\"juiz_sps_icon jsps-twitter\"><\/span><span class=\"juiz_sps_network_name\">X<\/span><\/a><\/li><li class=\"juiz_sps_item juiz_sps_link_linkedin\"><a href=\"https:\/\/www.linkedin.com\/sharing\/share-offsite\/?url=https%3A%2F%2Fwww.jeromeadam.com%2Fen%2Fwp-json%2Fwp%2Fv2%2Fposts%2F2012\" rel=\"nofollow\"  target=\"_blank\"  title=\"Share this article on LinkedIn\" class=\"juiz_sps_button\" data-nobs-key=\"linkedin\"><span class=\"juiz_sps_icon jsps-linkedin\"><\/span><span class=\"juiz_sps_network_name\">LinkedIn<\/span><\/a><\/li><li class=\"juiz_sps_item juiz_sps_link_viadeo\"><a href=\"https:\/\/www.viadeo.com\/en\/widgets\/share\/preview?url=https%3A%2F%2Fwww.jeromeadam.com%2Fen%2Fwp-json%2Fwp%2Fv2%2Fposts%2F2012&#038;comment=My%20Conference%20on%20Performance%20and%20Teamwork%20at%20l%E2%80%99ESSEC%20Business%20School%E2%80%99s%20Executive%20MBA%20Program%20with%20Participation%20from%20Laurence%20Fischer%20and%20Raymond%20Domenech\" rel=\"nofollow\"  target=\"_blank\"  title=\"Share this article on Viadeo\" class=\"juiz_sps_button\" data-nobs-key=\"viadeo\"><span class=\"juiz_sps_icon jsps-viadeo\"><\/span><span class=\"juiz_sps_network_name\">Viadeo<\/span><\/a><\/li><li class=\"juiz_sps_item juiz_sps_link_mail\"><a href=\"mailto:?subject=Un%20bon%20lien%20\u00e0%20visiter%20sur%20https:\/\/www.jeromeadam.com&#038;body=Bonjour%20!%20J&#039;ai%20trouv\u00e9%20cette%20information%20pour%20toi&nbsp;:%20My%20Conference%20on%20Performance%20and%20Teamwork%20at%20l\u2019ESSEC%20Business%20School\u2019s%20Executive%20MBA%20Program%20with%20Participation%20from%20Laurence%20Fischer%20and%20Raymond%20Domenech&nbsp;!%20Voici%20le%20lien%20direct&nbsp;:%20https:\/\/www.jeromeadam.com\/en\/my-conference-on-performance-and-teamwork-at-l-essec-business-schools-executive-mba-program-with-participation-from-laurence-fischer-and-raymond-domenech\/%20Bonne%20journ\u00e9e%20:)\" rel=\"nofollow\"  target=\"_blank\"  title=\"Share this article with a friend (email)\" class=\"juiz_sps_button\" data-nobs-key=\"mail\"><span class=\"juiz_sps_icon jsps-mail\"><\/span><span class=\"juiz_sps_network_name\">Email<\/span><\/a><\/li><\/ul>\n\t<\/div>\n\n<\/div>\n<\/div>\n<\/div><div class=\"fusion-clearfix\"><\/div><\/div><\/div><div class=\"fusion-layout-column fusion_builder_column fusion-builder-column-1 fusion_builder_column_1_5 1_5 fusion-one-fifth\" style=\"--awb-bg-size:cover;width:20%;width:calc(20% - ( ( 4% + 4% ) * 0.2 ) );margin-right: 4%;\"><div class=\"fusion-column-wrapper fusion-flex-column-wrapper-legacy\"><div class=\"fusion-clearfix\"><\/div><\/div><\/div><div class=\"fusion-layout-column fusion_builder_column fusion-builder-column-2 fusion_builder_column_1_5 1_5 fusion-one-fifth fusion-column-last\" style=\"--awb-bg-size:cover;width:20%;width:calc(20% - ( ( 4% + 4% ) * 0.2 ) );\"><div class=\"fusion-column-wrapper fusion-flex-column-wrapper-legacy\"><div class=\"fusion-widget-area awb-widget-area-element fusion-widget-area-1 fusion-content-widget-area\" style=\"--awb-title-size:30px;--awb-title-color:#262e44;--awb-padding:0px 0px 0px 0px;\"><section id=\"categories-2\" class=\"widget widget_categories\"><div class=\"heading\"><h4 class=\"widget-title\">Categories<\/h4><\/div>\n\t\t\t<ul>\n\t\t\t\t\t<li class=\"cat-item cat-item-53\"><a href=\"https:\/\/www.jeromeadam.com\/en\/category\/key-messages-en\/\">Key Messages (6)<\/a>\n<\/li>\n\t<li class=\"cat-item cat-item-66\"><a href=\"https:\/\/www.jeromeadam.com\/en\/category\/news\/media\/\">Media (5)<\/a>\n<\/li>\n\t<li class=\"cat-item cat-item-55\"><a href=\"https:\/\/www.jeromeadam.com\/en\/category\/news\/\">News (13)<\/a>\n<\/li>\n\t<li class=\"cat-item cat-item-54\"><a href=\"https:\/\/www.jeromeadam.com\/en\/category\/open-forum\/\">Open Forum (6)<\/a>\n<\/li>\n\t\t\t<\/ul>\n\n\t\t\t<\/section>\n\t\t<section id=\"recent-posts-2\" class=\"widget widget_recent_entries\">\n\t\t<div class=\"heading\"><h4 class=\"widget-title\">Recent Posts<\/h4><\/div>\n\t\t<ul>\n\t\t\t\t\t\t\t\t\t\t\t<li>\n\t\t\t\t\t<a href=\"https:\/\/www.jeromeadam.com\/en\/every-reason-to-be-happy-origin-of-a-unique-film-about-addiction\/\">\u201cEvery Reason to be Happy?\u201d Origin of a unique film about addiction<\/a>\n\t\t\t\t\t\t\t\t\t<\/li>\n\t\t\t\t\t\t\t\t\t\t\t<li>\n\t\t\t\t\t<a href=\"https:\/\/www.jeromeadam.com\/en\/jury-panel-and-conference-at-the-urban-student-business-challenge-cube-in-reims\/\">Jury Panel and Conference at the Urban Student Business Challenge (CUBE) in Reims<\/a>\n\t\t\t\t\t\t\t\t\t<\/li>\n\t\t\t\t\t\t\t\t\t\t\t<li>\n\t\t\t\t\t<a href=\"https:\/\/www.jeromeadam.com\/en\/the-weight-of-another-s-gaze\/\">The Weight of Another&#8217;s Gaze<\/a>\n\t\t\t\t\t\t\t\t\t<\/li>\n\t\t\t\t\t\t\t\t\t\t\t<li>\n\t\t\t\t\t<a href=\"https:\/\/www.jeromeadam.com\/en\/intervention-during-the-l-occitane-foundation-team-building\/\">Intervention during the L\u2019OCCITANE Foundation Team Building<\/a>\n\t\t\t\t\t\t\t\t\t<\/li>\n\t\t\t\t\t\t\t\t\t\t\t<li>\n\t\t\t\t\t<a href=\"https:\/\/www.jeromeadam.com\/en\/conference-in-front-of-the-whole-company-chryso-france\/\">Conference in front of the whole company Chryso France<\/a>\n\t\t\t\t\t\t\t\t\t<\/li>\n\t\t\t\t\t<\/ul>\n\n\t\t<\/section><div class=\"fusion-additional-widget-content\"><\/div><\/div><div class=\"fusion-clearfix\"><\/div><\/div><\/div><\/div><\/div>\n","protected":false},"excerpt":{"rendered":"","protected":false},"author":3,"featured_media":2014,"comment_status":"open","ping_status":"closed","sticky":false,"template":"","format":"standard","meta":{"footnotes":""},"categories":[55],"tags":[],"class_list":["post-2012","post","type-post","status-publish","format-standard","has-post-thumbnail","hentry","category-news"],"yoast_head":"<!-- This site is optimized with the Yoast SEO plugin v27.5 - https:\/\/yoast.com\/product\/yoast-seo-wordpress\/ -->\n<title>My Conference on Performance and Teamwork at l\u2019ESSEC Business School\u2019s Executive MBA Program with Participation from Laurence Fischer and Raymond Domenech - J\u00e9r\u00f4me Adam - Conf\u00e9rencier Entrepreneur<\/title>\n<meta name=\"description\" content=\"J\u00e9r\u00f4me Adam est un conf\u00e9rencier entrepreneur dont les exp\u00e9riences lui ont fait prendre conscience tr\u00e8s t\u00f4t qu\u2019une seule d\u00e9cision peut changer notre vie.\" \/>\n<meta name=\"robots\" content=\"index, follow, max-snippet:-1, max-image-preview:large, max-video-preview:-1\" \/>\n<link rel=\"canonical\" href=\"https:\/\/www.jeromeadam.com\/en\/my-conference-on-performance-and-teamwork-at-l-essec-business-schools-executive-mba-program-with-participation-from-laurence-fischer-and-raymond-domenech\/\" \/>\n<meta property=\"og:locale\" content=\"en_US\" \/>\n<meta property=\"og:type\" content=\"article\" \/>\n<meta property=\"og:title\" content=\"My Conference on Performance and Teamwork at l\u2019ESSEC Business School\u2019s Executive MBA Program with Participation from Laurence Fischer and Raymond Domenech - J\u00e9r\u00f4me Adam - Conf\u00e9rencier Entrepreneur\" \/>\n<meta property=\"og:description\" content=\"C\u2019est dans un lieu tr\u00e8s symbolique du pouvoir et de la d\u00e9cision que j\u2019ai donn\u00e9 ma conf\u00e9rence \u00ab\u00a0Lib\u00e9rer son pouvoir de d\u00e9cision\u00a0\u00bb mercredi 10 octobre.\" \/>\n<meta property=\"og:url\" content=\"https:\/\/www.jeromeadam.com\/en\/my-conference-on-performance-and-teamwork-at-l-essec-business-schools-executive-mba-program-with-participation-from-laurence-fischer-and-raymond-domenech\/\" \/>\n<meta property=\"og:site_name\" content=\"J\u00e9r\u00f4me Adam - Conf\u00e9rencier Entrepreneur\" \/>\n<meta property=\"article:publisher\" content=\"https:\/\/www.facebook.com\/jeromeAdamFanPage\" \/>\n<meta property=\"article:published_time\" content=\"2018-11-28T10:42:31+00:00\" \/>\n<meta property=\"article:modified_time\" content=\"2018-11-29T15:18:23+00:00\" \/>\n<meta property=\"og:image\" content=\"https:\/\/www.jeromeadam.com\/wp-content\/uploads\/2018\/10\/Jerome-Adam-avec-dix-managers-de-TechnicAtome-au-Cercle-National-des-Armees.jpg\" \/>\n\t<meta property=\"og:image:width\" content=\"3024\" \/>\n\t<meta property=\"og:image:height\" content=\"3024\" \/>\n\t<meta property=\"og:image:type\" content=\"image\/jpeg\" \/>\n<meta name=\"author\" content=\"J\u00e9r\u00f4me Adam\" \/>\n<meta name=\"twitter:card\" content=\"summary_large_image\" \/>\n<meta name=\"twitter:description\" content=\"C\u2019est dans un lieu tr\u00e8s symbolique du pouvoir et de la d\u00e9cision que j\u2019ai donn\u00e9 ma conf\u00e9rence \u00ab\u00a0Lib\u00e9rer son pouvoir de d\u00e9cision\u00a0\u00bb mercredi 10 octobre.\" \/>\n<meta name=\"twitter:image\" content=\"https:\/\/www.jeromeadam.com\/wp-content\/uploads\/2018\/10\/Jerome-Adam-avec-dix-managers-de-TechnicAtome-au-Cercle-National-des-Armees.jpg\" \/>\n<meta name=\"twitter:creator\" content=\"@thejeromeadam\" \/>\n<meta name=\"twitter:site\" content=\"@thejeromeadam\" \/>\n<meta name=\"twitter:label1\" content=\"Written by\" \/>\n\t<meta name=\"twitter:data1\" content=\"J\u00e9r\u00f4me Adam\" \/>\n\t<meta name=\"twitter:label2\" content=\"Est. reading time\" \/>\n\t<meta name=\"twitter:data2\" content=\"5 minutes\" \/>\n<script type=\"application\/ld+json\" class=\"yoast-schema-graph\">{\"@context\":\"https:\\\/\\\/schema.org\",\"@graph\":[{\"@type\":\"Article\",\"@id\":\"https:\\\/\\\/www.jeromeadam.com\\\/en\\\/my-conference-on-performance-and-teamwork-at-l-essec-business-schools-executive-mba-program-with-participation-from-laurence-fischer-and-raymond-domenech\\\/#article\",\"isPartOf\":{\"@id\":\"https:\\\/\\\/www.jeromeadam.com\\\/en\\\/my-conference-on-performance-and-teamwork-at-l-essec-business-schools-executive-mba-program-with-participation-from-laurence-fischer-and-raymond-domenech\\\/\"},\"author\":{\"name\":\"J\u00e9r\u00f4me Adam\",\"@id\":\"https:\\\/\\\/www.jeromeadam.com\\\/en\\\/#\\\/schema\\\/person\\\/5e5b76acffcd395ca6c14b36c4a3bcb5\"},\"headline\":\"My Conference on Performance and Teamwork at l\u2019ESSEC Business School\u2019s Executive MBA Program with Participation from Laurence Fischer and Raymond Domenech\",\"datePublished\":\"2018-11-28T10:42:31+00:00\",\"dateModified\":\"2018-11-29T15:18:23+00:00\",\"mainEntityOfPage\":{\"@id\":\"https:\\\/\\\/www.jeromeadam.com\\\/en\\\/my-conference-on-performance-and-teamwork-at-l-essec-business-schools-executive-mba-program-with-participation-from-laurence-fischer-and-raymond-domenech\\\/\"},\"wordCount\":1062,\"commentCount\":0,\"publisher\":{\"@id\":\"https:\\\/\\\/www.jeromeadam.com\\\/en\\\/#organization\"},\"image\":{\"@id\":\"https:\\\/\\\/www.jeromeadam.com\\\/en\\\/my-conference-on-performance-and-teamwork-at-l-essec-business-schools-executive-mba-program-with-participation-from-laurence-fischer-and-raymond-domenech\\\/#primaryimage\"},\"thumbnailUrl\":\"https:\\\/\\\/www.jeromeadam.com\\\/wp-content\\\/uploads\\\/2018\\\/11\\\/Picture-of-Jerome-Adam-Laurence-Fischer-Marielle-Durand-and-Raymond-Domenech-at-l-ESSEC-Business-School.jpg\",\"articleSection\":[\"News\"],\"inLanguage\":\"en-US\",\"potentialAction\":[{\"@type\":\"CommentAction\",\"name\":\"Comment\",\"target\":[\"https:\\\/\\\/www.jeromeadam.com\\\/en\\\/my-conference-on-performance-and-teamwork-at-l-essec-business-schools-executive-mba-program-with-participation-from-laurence-fischer-and-raymond-domenech\\\/#respond\"]}]},{\"@type\":\"WebPage\",\"@id\":\"https:\\\/\\\/www.jeromeadam.com\\\/en\\\/my-conference-on-performance-and-teamwork-at-l-essec-business-schools-executive-mba-program-with-participation-from-laurence-fischer-and-raymond-domenech\\\/\",\"url\":\"https:\\\/\\\/www.jeromeadam.com\\\/en\\\/my-conference-on-performance-and-teamwork-at-l-essec-business-schools-executive-mba-program-with-participation-from-laurence-fischer-and-raymond-domenech\\\/\",\"name\":\"My Conference on Performance and Teamwork at l\u2019ESSEC Business School\u2019s Executive MBA Program with Participation from Laurence Fischer and Raymond Domenech - J\u00e9r\u00f4me Adam - Conf\u00e9rencier Entrepreneur\",\"isPartOf\":{\"@id\":\"https:\\\/\\\/www.jeromeadam.com\\\/en\\\/#website\"},\"primaryImageOfPage\":{\"@id\":\"https:\\\/\\\/www.jeromeadam.com\\\/en\\\/my-conference-on-performance-and-teamwork-at-l-essec-business-schools-executive-mba-program-with-participation-from-laurence-fischer-and-raymond-domenech\\\/#primaryimage\"},\"image\":{\"@id\":\"https:\\\/\\\/www.jeromeadam.com\\\/en\\\/my-conference-on-performance-and-teamwork-at-l-essec-business-schools-executive-mba-program-with-participation-from-laurence-fischer-and-raymond-domenech\\\/#primaryimage\"},\"thumbnailUrl\":\"https:\\\/\\\/www.jeromeadam.com\\\/wp-content\\\/uploads\\\/2018\\\/11\\\/Picture-of-Jerome-Adam-Laurence-Fischer-Marielle-Durand-and-Raymond-Domenech-at-l-ESSEC-Business-School.jpg\",\"datePublished\":\"2018-11-28T10:42:31+00:00\",\"dateModified\":\"2018-11-29T15:18:23+00:00\",\"description\":\"J\u00e9r\u00f4me Adam est un conf\u00e9rencier entrepreneur dont les exp\u00e9riences lui ont fait prendre conscience tr\u00e8s t\u00f4t qu\u2019une seule d\u00e9cision peut changer notre vie.\",\"breadcrumb\":{\"@id\":\"https:\\\/\\\/www.jeromeadam.com\\\/en\\\/my-conference-on-performance-and-teamwork-at-l-essec-business-schools-executive-mba-program-with-participation-from-laurence-fischer-and-raymond-domenech\\\/#breadcrumb\"},\"inLanguage\":\"en-US\",\"potentialAction\":[{\"@type\":\"ReadAction\",\"target\":[\"https:\\\/\\\/www.jeromeadam.com\\\/en\\\/my-conference-on-performance-and-teamwork-at-l-essec-business-schools-executive-mba-program-with-participation-from-laurence-fischer-and-raymond-domenech\\\/\"]}]},{\"@type\":\"ImageObject\",\"inLanguage\":\"en-US\",\"@id\":\"https:\\\/\\\/www.jeromeadam.com\\\/en\\\/my-conference-on-performance-and-teamwork-at-l-essec-business-schools-executive-mba-program-with-participation-from-laurence-fischer-and-raymond-domenech\\\/#primaryimage\",\"url\":\"https:\\\/\\\/www.jeromeadam.com\\\/wp-content\\\/uploads\\\/2018\\\/11\\\/Picture-of-Jerome-Adam-Laurence-Fischer-Marielle-Durand-and-Raymond-Domenech-at-l-ESSEC-Business-School.jpg\",\"contentUrl\":\"https:\\\/\\\/www.jeromeadam.com\\\/wp-content\\\/uploads\\\/2018\\\/11\\\/Picture-of-Jerome-Adam-Laurence-Fischer-Marielle-Durand-and-Raymond-Domenech-at-l-ESSEC-Business-School.jpg\",\"width\":4032,\"height\":3024,\"caption\":\"Picture of J\u00e9r\u00f4me Adam, Laurence Fischer, Marielle Durand and Raymond Domenech at l\u2019ESSEC Business School\"},{\"@type\":\"BreadcrumbList\",\"@id\":\"https:\\\/\\\/www.jeromeadam.com\\\/en\\\/my-conference-on-performance-and-teamwork-at-l-essec-business-schools-executive-mba-program-with-participation-from-laurence-fischer-and-raymond-domenech\\\/#breadcrumb\",\"itemListElement\":[{\"@type\":\"ListItem\",\"position\":1,\"name\":\"Accueil\",\"item\":\"https:\\\/\\\/www.jeromeadam.com\\\/en\\\/\"},{\"@type\":\"ListItem\",\"position\":2,\"name\":\"My Conference on Performance and Teamwork at l\u2019ESSEC Business School\u2019s Executive MBA Program with Participation from Laurence Fischer and Raymond Domenech\"}]},{\"@type\":\"WebSite\",\"@id\":\"https:\\\/\\\/www.jeromeadam.com\\\/en\\\/#website\",\"url\":\"https:\\\/\\\/www.jeromeadam.com\\\/en\\\/\",\"name\":\"J\u00e9r\u00f4me Adam - Conf\u00e9rencier Entrepreneur\",\"description\":\"\",\"publisher\":{\"@id\":\"https:\\\/\\\/www.jeromeadam.com\\\/en\\\/#organization\"},\"potentialAction\":[{\"@type\":\"SearchAction\",\"target\":{\"@type\":\"EntryPoint\",\"urlTemplate\":\"https:\\\/\\\/www.jeromeadam.com\\\/en\\\/?s={search_term_string}\"},\"query-input\":{\"@type\":\"PropertyValueSpecification\",\"valueRequired\":true,\"valueName\":\"search_term_string\"}}],\"inLanguage\":\"en-US\"},{\"@type\":\"Organization\",\"@id\":\"https:\\\/\\\/www.jeromeadam.com\\\/en\\\/#organization\",\"name\":\"J\u00e9r\u00f4me Adam\",\"url\":\"https:\\\/\\\/www.jeromeadam.com\\\/en\\\/\",\"logo\":{\"@type\":\"ImageObject\",\"inLanguage\":\"en-US\",\"@id\":\"https:\\\/\\\/www.jeromeadam.com\\\/en\\\/#\\\/schema\\\/logo\\\/image\\\/\",\"url\":\"https:\\\/\\\/www.jeromeadam.com\\\/wp-content\\\/uploads\\\/2018\\\/02\\\/logo-jerome-adam-horizontal-43.png\",\"contentUrl\":\"https:\\\/\\\/www.jeromeadam.com\\\/wp-content\\\/uploads\\\/2018\\\/02\\\/logo-jerome-adam-horizontal-43.png\",\"width\":210,\"height\":43,\"caption\":\"J\u00e9r\u00f4me Adam\"},\"image\":{\"@id\":\"https:\\\/\\\/www.jeromeadam.com\\\/en\\\/#\\\/schema\\\/logo\\\/image\\\/\"},\"sameAs\":[\"https:\\\/\\\/www.facebook.com\\\/jeromeAdamFanPage\",\"https:\\\/\\\/x.com\\\/thejeromeadam\",\"http:\\\/\\\/fr.linkedin.com\\\/in\\\/thejeromeadam\"]},{\"@type\":\"Person\",\"@id\":\"https:\\\/\\\/www.jeromeadam.com\\\/en\\\/#\\\/schema\\\/person\\\/5e5b76acffcd395ca6c14b36c4a3bcb5\",\"name\":\"J\u00e9r\u00f4me Adam\"}]}<\/script>\n<!-- \/ Yoast SEO plugin. -->","yoast_head_json":{"title":"My Conference on Performance and Teamwork at l\u2019ESSEC Business School\u2019s Executive MBA Program with Participation from Laurence Fischer and Raymond Domenech - J\u00e9r\u00f4me Adam - Conf\u00e9rencier Entrepreneur","description":"J\u00e9r\u00f4me Adam est un conf\u00e9rencier entrepreneur dont les exp\u00e9riences lui ont fait prendre conscience tr\u00e8s t\u00f4t qu\u2019une seule d\u00e9cision peut changer notre vie.","robots":{"index":"index","follow":"follow","max-snippet":"max-snippet:-1","max-image-preview":"max-image-preview:large","max-video-preview":"max-video-preview:-1"},"canonical":"https:\/\/www.jeromeadam.com\/en\/my-conference-on-performance-and-teamwork-at-l-essec-business-schools-executive-mba-program-with-participation-from-laurence-fischer-and-raymond-domenech\/","og_locale":"en_US","og_type":"article","og_title":"My Conference on Performance and Teamwork at l\u2019ESSEC Business School\u2019s Executive MBA Program with Participation from Laurence Fischer and Raymond Domenech - J\u00e9r\u00f4me Adam - Conf\u00e9rencier Entrepreneur","og_description":"C\u2019est dans un lieu tr\u00e8s symbolique du pouvoir et de la d\u00e9cision que j\u2019ai donn\u00e9 ma conf\u00e9rence \u00ab\u00a0Lib\u00e9rer son pouvoir de d\u00e9cision\u00a0\u00bb mercredi 10 octobre.","og_url":"https:\/\/www.jeromeadam.com\/en\/my-conference-on-performance-and-teamwork-at-l-essec-business-schools-executive-mba-program-with-participation-from-laurence-fischer-and-raymond-domenech\/","og_site_name":"J\u00e9r\u00f4me Adam - Conf\u00e9rencier Entrepreneur","article_publisher":"https:\/\/www.facebook.com\/jeromeAdamFanPage","article_published_time":"2018-11-28T10:42:31+00:00","article_modified_time":"2018-11-29T15:18:23+00:00","og_image":[{"width":3024,"height":3024,"url":"https:\/\/www.jeromeadam.com\/wp-content\/uploads\/2018\/10\/Jerome-Adam-avec-dix-managers-de-TechnicAtome-au-Cercle-National-des-Armees.jpg","type":"image\/jpeg"}],"author":"J\u00e9r\u00f4me Adam","twitter_card":"summary_large_image","twitter_description":"C\u2019est dans un lieu tr\u00e8s symbolique du pouvoir et de la d\u00e9cision que j\u2019ai donn\u00e9 ma conf\u00e9rence \u00ab\u00a0Lib\u00e9rer son pouvoir de d\u00e9cision\u00a0\u00bb mercredi 10 octobre.","twitter_image":"https:\/\/www.jeromeadam.com\/wp-content\/uploads\/2018\/10\/Jerome-Adam-avec-dix-managers-de-TechnicAtome-au-Cercle-National-des-Armees.jpg","twitter_creator":"@thejeromeadam","twitter_site":"@thejeromeadam","twitter_misc":{"Written by":"J\u00e9r\u00f4me Adam","Est. reading time":"5 minutes"},"schema":{"@context":"https:\/\/schema.org","@graph":[{"@type":"Article","@id":"https:\/\/www.jeromeadam.com\/en\/my-conference-on-performance-and-teamwork-at-l-essec-business-schools-executive-mba-program-with-participation-from-laurence-fischer-and-raymond-domenech\/#article","isPartOf":{"@id":"https:\/\/www.jeromeadam.com\/en\/my-conference-on-performance-and-teamwork-at-l-essec-business-schools-executive-mba-program-with-participation-from-laurence-fischer-and-raymond-domenech\/"},"author":{"name":"J\u00e9r\u00f4me Adam","@id":"https:\/\/www.jeromeadam.com\/en\/#\/schema\/person\/5e5b76acffcd395ca6c14b36c4a3bcb5"},"headline":"My Conference on Performance and Teamwork at l\u2019ESSEC Business School\u2019s Executive MBA Program with Participation from Laurence Fischer and Raymond Domenech","datePublished":"2018-11-28T10:42:31+00:00","dateModified":"2018-11-29T15:18:23+00:00","mainEntityOfPage":{"@id":"https:\/\/www.jeromeadam.com\/en\/my-conference-on-performance-and-teamwork-at-l-essec-business-schools-executive-mba-program-with-participation-from-laurence-fischer-and-raymond-domenech\/"},"wordCount":1062,"commentCount":0,"publisher":{"@id":"https:\/\/www.jeromeadam.com\/en\/#organization"},"image":{"@id":"https:\/\/www.jeromeadam.com\/en\/my-conference-on-performance-and-teamwork-at-l-essec-business-schools-executive-mba-program-with-participation-from-laurence-fischer-and-raymond-domenech\/#primaryimage"},"thumbnailUrl":"https:\/\/www.jeromeadam.com\/wp-content\/uploads\/2018\/11\/Picture-of-Jerome-Adam-Laurence-Fischer-Marielle-Durand-and-Raymond-Domenech-at-l-ESSEC-Business-School.jpg","articleSection":["News"],"inLanguage":"en-US","potentialAction":[{"@type":"CommentAction","name":"Comment","target":["https:\/\/www.jeromeadam.com\/en\/my-conference-on-performance-and-teamwork-at-l-essec-business-schools-executive-mba-program-with-participation-from-laurence-fischer-and-raymond-domenech\/#respond"]}]},{"@type":"WebPage","@id":"https:\/\/www.jeromeadam.com\/en\/my-conference-on-performance-and-teamwork-at-l-essec-business-schools-executive-mba-program-with-participation-from-laurence-fischer-and-raymond-domenech\/","url":"https:\/\/www.jeromeadam.com\/en\/my-conference-on-performance-and-teamwork-at-l-essec-business-schools-executive-mba-program-with-participation-from-laurence-fischer-and-raymond-domenech\/","name":"My Conference on Performance and Teamwork at l\u2019ESSEC Business School\u2019s Executive MBA Program with Participation from Laurence Fischer and Raymond Domenech - J\u00e9r\u00f4me Adam - Conf\u00e9rencier Entrepreneur","isPartOf":{"@id":"https:\/\/www.jeromeadam.com\/en\/#website"},"primaryImageOfPage":{"@id":"https:\/\/www.jeromeadam.com\/en\/my-conference-on-performance-and-teamwork-at-l-essec-business-schools-executive-mba-program-with-participation-from-laurence-fischer-and-raymond-domenech\/#primaryimage"},"image":{"@id":"https:\/\/www.jeromeadam.com\/en\/my-conference-on-performance-and-teamwork-at-l-essec-business-schools-executive-mba-program-with-participation-from-laurence-fischer-and-raymond-domenech\/#primaryimage"},"thumbnailUrl":"https:\/\/www.jeromeadam.com\/wp-content\/uploads\/2018\/11\/Picture-of-Jerome-Adam-Laurence-Fischer-Marielle-Durand-and-Raymond-Domenech-at-l-ESSEC-Business-School.jpg","datePublished":"2018-11-28T10:42:31+00:00","dateModified":"2018-11-29T15:18:23+00:00","description":"J\u00e9r\u00f4me Adam est un conf\u00e9rencier entrepreneur dont les exp\u00e9riences lui ont fait prendre conscience tr\u00e8s t\u00f4t qu\u2019une seule d\u00e9cision peut changer notre vie.","breadcrumb":{"@id":"https:\/\/www.jeromeadam.com\/en\/my-conference-on-performance-and-teamwork-at-l-essec-business-schools-executive-mba-program-with-participation-from-laurence-fischer-and-raymond-domenech\/#breadcrumb"},"inLanguage":"en-US","potentialAction":[{"@type":"ReadAction","target":["https:\/\/www.jeromeadam.com\/en\/my-conference-on-performance-and-teamwork-at-l-essec-business-schools-executive-mba-program-with-participation-from-laurence-fischer-and-raymond-domenech\/"]}]},{"@type":"ImageObject","inLanguage":"en-US","@id":"https:\/\/www.jeromeadam.com\/en\/my-conference-on-performance-and-teamwork-at-l-essec-business-schools-executive-mba-program-with-participation-from-laurence-fischer-and-raymond-domenech\/#primaryimage","url":"https:\/\/www.jeromeadam.com\/wp-content\/uploads\/2018\/11\/Picture-of-Jerome-Adam-Laurence-Fischer-Marielle-Durand-and-Raymond-Domenech-at-l-ESSEC-Business-School.jpg","contentUrl":"https:\/\/www.jeromeadam.com\/wp-content\/uploads\/2018\/11\/Picture-of-Jerome-Adam-Laurence-Fischer-Marielle-Durand-and-Raymond-Domenech-at-l-ESSEC-Business-School.jpg","width":4032,"height":3024,"caption":"Picture of J\u00e9r\u00f4me Adam, Laurence Fischer, Marielle Durand and Raymond Domenech at l\u2019ESSEC Business School"},{"@type":"BreadcrumbList","@id":"https:\/\/www.jeromeadam.com\/en\/my-conference-on-performance-and-teamwork-at-l-essec-business-schools-executive-mba-program-with-participation-from-laurence-fischer-and-raymond-domenech\/#breadcrumb","itemListElement":[{"@type":"ListItem","position":1,"name":"Accueil","item":"https:\/\/www.jeromeadam.com\/en\/"},{"@type":"ListItem","position":2,"name":"My Conference on Performance and Teamwork at l\u2019ESSEC Business School\u2019s Executive MBA Program with Participation from Laurence Fischer and Raymond Domenech"}]},{"@type":"WebSite","@id":"https:\/\/www.jeromeadam.com\/en\/#website","url":"https:\/\/www.jeromeadam.com\/en\/","name":"J\u00e9r\u00f4me Adam - Conf\u00e9rencier Entrepreneur","description":"","publisher":{"@id":"https:\/\/www.jeromeadam.com\/en\/#organization"},"potentialAction":[{"@type":"SearchAction","target":{"@type":"EntryPoint","urlTemplate":"https:\/\/www.jeromeadam.com\/en\/?s={search_term_string}"},"query-input":{"@type":"PropertyValueSpecification","valueRequired":true,"valueName":"search_term_string"}}],"inLanguage":"en-US"},{"@type":"Organization","@id":"https:\/\/www.jeromeadam.com\/en\/#organization","name":"J\u00e9r\u00f4me Adam","url":"https:\/\/www.jeromeadam.com\/en\/","logo":{"@type":"ImageObject","inLanguage":"en-US","@id":"https:\/\/www.jeromeadam.com\/en\/#\/schema\/logo\/image\/","url":"https:\/\/www.jeromeadam.com\/wp-content\/uploads\/2018\/02\/logo-jerome-adam-horizontal-43.png","contentUrl":"https:\/\/www.jeromeadam.com\/wp-content\/uploads\/2018\/02\/logo-jerome-adam-horizontal-43.png","width":210,"height":43,"caption":"J\u00e9r\u00f4me Adam"},"image":{"@id":"https:\/\/www.jeromeadam.com\/en\/#\/schema\/logo\/image\/"},"sameAs":["https:\/\/www.facebook.com\/jeromeAdamFanPage","https:\/\/x.com\/thejeromeadam","http:\/\/fr.linkedin.com\/in\/thejeromeadam"]},{"@type":"Person","@id":"https:\/\/www.jeromeadam.com\/en\/#\/schema\/person\/5e5b76acffcd395ca6c14b36c4a3bcb5","name":"J\u00e9r\u00f4me Adam"}]}},"_links":{"self":[{"href":"https:\/\/www.jeromeadam.com\/en\/wp-json\/wp\/v2\/posts\/2012","targetHints":{"allow":["GET"]}}],"collection":[{"href":"https:\/\/www.jeromeadam.com\/en\/wp-json\/wp\/v2\/posts"}],"about":[{"href":"https:\/\/www.jeromeadam.com\/en\/wp-json\/wp\/v2\/types\/post"}],"author":[{"embeddable":true,"href":"https:\/\/www.jeromeadam.com\/en\/wp-json\/wp\/v2\/users\/3"}],"replies":[{"embeddable":true,"href":"https:\/\/www.jeromeadam.com\/en\/wp-json\/wp\/v2\/comments?post=2012"}],"version-history":[{"count":4,"href":"https:\/\/www.jeromeadam.com\/en\/wp-json\/wp\/v2\/posts\/2012\/revisions"}],"predecessor-version":[{"id":2020,"href":"https:\/\/www.jeromeadam.com\/en\/wp-json\/wp\/v2\/posts\/2012\/revisions\/2020"}],"wp:featuredmedia":[{"embeddable":true,"href":"https:\/\/www.jeromeadam.com\/en\/wp-json\/wp\/v2\/media\/2014"}],"wp:attachment":[{"href":"https:\/\/www.jeromeadam.com\/en\/wp-json\/wp\/v2\/media?parent=2012"}],"wp:term":[{"taxonomy":"category","embeddable":true,"href":"https:\/\/www.jeromeadam.com\/en\/wp-json\/wp\/v2\/categories?post=2012"},{"taxonomy":"post_tag","embeddable":true,"href":"https:\/\/www.jeromeadam.com\/en\/wp-json\/wp\/v2\/tags?post=2012"}],"curies":[{"name":"wp","href":"https:\/\/api.w.org\/{rel}","templated":true}]}}