{"id":2099,"date":"2018-12-24T10:33:53","date_gmt":"2018-12-24T10:33:53","guid":{"rendered":"https:\/\/www.jeromeadam.com\/leadership-meeting-et-conference-a-bruxelles-pour-finir-2018-en-beaute\/"},"modified":"2019-01-28T16:52:02","modified_gmt":"2019-01-28T16:52:02","slug":"leadership-meeting-and-conference-in-brussels-to-cap-off-2018","status":"publish","type":"post","link":"https:\/\/www.jeromeadam.com\/en\/leadership-meeting-and-conference-in-brussels-to-cap-off-2018\/","title":{"rendered":"Leadership Meeting and Conference in Brussels to Cap off 2018"},"content":{"rendered":"<div class=\"fusion-fullwidth fullwidth-box fusion-builder-row-1 hundred-percent-fullwidth non-hundred-percent-height-scrolling\" style=\"--awb-border-radius-top-left:0px;--awb-border-radius-top-right:0px;--awb-border-radius-bottom-right:0px;--awb-border-radius-bottom-left:0px;--awb-padding-top:0px;--awb-padding-right:5.5%;--awb-padding-bottom:150px;--awb-padding-left:5.5%;--awb-flex-wrap:wrap;\" ><div class=\"fusion-builder-row fusion-row\"><div class=\"fusion-layout-column fusion_builder_column fusion-builder-column-0 fusion_builder_column_3_5 3_5 fusion-three-fifth fusion-column-first\" style=\"--awb-bg-size:cover;width:60%;width:calc(60% - ( ( 4% + 4% ) * 0.6 ) );margin-right: 4%;\"><div class=\"fusion-column-wrapper fusion-flex-column-wrapper-legacy\"><div class=\"fusion-image-element in-legacy-container\" style=\"--awb-caption-title-font-family:var(--h2_typography-font-family);--awb-caption-title-font-weight:var(--h2_typography-font-weight);--awb-caption-title-font-style:var(--h2_typography-font-style);--awb-caption-title-size:var(--h2_typography-font-size);--awb-caption-title-transform:var(--h2_typography-text-transform);--awb-caption-title-line-height:var(--h2_typography-line-height);--awb-caption-title-letter-spacing:var(--h2_typography-letter-spacing);\"><span class=\" fusion-imageframe imageframe-none imageframe-1 hover-type-none\"><img decoding=\"async\" width=\"800\" height=\"533\" alt=\"J\u00e9r\u00f4me Adam in Brussels among the 1819 entrepreneur network\" title=\"Jerome-Adam-a-Bruxelles-devant-le-reseau-entrepreneurs-de-1819-01\" src=\"https:\/\/www.jeromeadam.com\/wp-content\/uploads\/2019\/01\/Jerome-Adam-a-Bruxelles-devant-le-reseau-entrepreneurs-de-1819-01-800x533.jpg\" class=\"img-responsive wp-image-2074\" srcset=\"https:\/\/www.jeromeadam.com\/wp-content\/uploads\/2019\/01\/Jerome-Adam-a-Bruxelles-devant-le-reseau-entrepreneurs-de-1819-01-200x133.jpg 200w, https:\/\/www.jeromeadam.com\/wp-content\/uploads\/2019\/01\/Jerome-Adam-a-Bruxelles-devant-le-reseau-entrepreneurs-de-1819-01-400x267.jpg 400w, https:\/\/www.jeromeadam.com\/wp-content\/uploads\/2019\/01\/Jerome-Adam-a-Bruxelles-devant-le-reseau-entrepreneurs-de-1819-01-600x400.jpg 600w, https:\/\/www.jeromeadam.com\/wp-content\/uploads\/2019\/01\/Jerome-Adam-a-Bruxelles-devant-le-reseau-entrepreneurs-de-1819-01-800x533.jpg 800w, https:\/\/www.jeromeadam.com\/wp-content\/uploads\/2019\/01\/Jerome-Adam-a-Bruxelles-devant-le-reseau-entrepreneurs-de-1819-01-1200x800.jpg 1200w\" sizes=\"(max-width: 1024px) 100vw, 800px\" \/><\/span><\/div><div class=\"fusion-sep-clear\"><\/div><div class=\"fusion-separator fusion-clearfix\" style=\"float:left;margin-top:40px;margin-bottom:30px;width:100%;max-width:200px;\"><div class=\"fusion-separator-border sep-single sep-solid\" style=\"--awb-height:20px;--awb-amount:20px;--awb-sep-color:#264e9e;border-color:#264e9e;border-top-width:3px;\"><\/div><\/div><div class=\"fusion-sep-clear\"><\/div><div class=\"fusion-text fusion-text-1\"><p>After a leadership meeting with Eqiom management (formerly Holcim France become in 2015 Eqiom after its buyout by CRH group), I presented at the end of 2018 in Belgium a conference to the 1819 network. 1819 is a benchmark entrepreneurial service provider offering information and mentorship to aspiring entrepreneurs in the Brussels area and help finding assistance from institutions and organizations (financing, foundational assistance, etc.).<\/p>\n<p>I got my two presentations underway with a screening of the documentary <i>Tandem <\/i>(16 minute version). My principle goal was to discuss performance and teamwork. Like my presentation at <i>l\u2019ESSEC<\/i> business school, I addressed the following subjects:<\/p>\n<ul>\n<li>How can team goals and personal ambition coexist?<\/li>\n<li>How can individual talent and team performance be harmonized?]<\/li>\n<li>How can complementarity and durability be fostered?<\/li>\n<\/ul>\n<p>I experienced firsthand how my audiences assimilated the subjects addressed:<\/p>\n<ul>\n<li>Eqiom: After my conference and question period, each branch and\/or regional director presented an overview of their 2018 performance and goals for the coming year. A number of them made reference to principles brought up in my conference.<\/li>\n<li>1819: An informal lunch followed my presentation during which I spoke with participants\u2014a pleasant way to continue the conversation and listen to individual cases.<\/li>\n<\/ul>\n<p>And for the first time during the Q &amp; A, someone in the audience asked me the following question: \u201cYou speak of your ascent of Mt. Ventoux, but had you failed, would you still talk about it?\u201d<\/p>\n<p>Welcome to Belgium! In fact, it\u2019s an excellent question and I was happy to respond. I answered that I had already addressed in my 2006 book, <i>The Uncommon Entrepreneur<\/i>, the fact that \u201cmistakes and failure are precious learning experiences.\u201d My answer was an opportunity to revisit my thoughts on bouncing back from failure and the importance of second chances.<\/p>\n<p>I was happy to have spent time with Eqiom and 1819: both organizations with very positive work environments. I hope to have the opportunity to do so again in 2019, in France and beyond.<\/p>\n<p>All the best in 2019!<\/p>\n\n\t\t<style type=\"text\/css\">\n\t\t\t#gallery-1 {\n\t\t\t\tmargin: auto;\n\t\t\t}\n\t\t\t#gallery-1 .gallery-item {\n\t\t\t\tfloat: left;\n\t\t\t\tmargin-top: 10px;\n\t\t\t\ttext-align: center;\n\t\t\t\twidth: 25%;\n\t\t\t}\n\t\t\t#gallery-1 img {\n\t\t\t\tborder: 2px solid #cfcfcf;\n\t\t\t}\n\t\t\t#gallery-1 .gallery-caption {\n\t\t\t\tmargin-left: 0;\n\t\t\t}\n\t\t\t\/* see gallery_shortcode() in wp-includes\/media.php *\/\n\t\t<\/style>\n\t\t<div id='gallery-1' class='gallery galleryid-2099 gallery-columns-4 gallery-size-thumbnail'><dl class='gallery-item'>\n\t\t\t<dt class='gallery-icon landscape'>\n\t\t\t\t<a data-rel=\"iLightbox[postimages]\" data-title=\"Jerome-Adam-a-Bruxelles-devant-le-reseau-entrepreneurs-de-1819-01\" data-caption=\"\" href='https:\/\/www.jeromeadam.com\/wp-content\/uploads\/2019\/01\/Jerome-Adam-a-Bruxelles-devant-le-reseau-entrepreneurs-de-1819-01.jpg'><img decoding=\"async\" width=\"150\" height=\"150\" src=\"https:\/\/www.jeromeadam.com\/wp-content\/uploads\/2019\/01\/Jerome-Adam-a-Bruxelles-devant-le-reseau-entrepreneurs-de-1819-01-150x150.jpg\" class=\"attachment-thumbnail size-thumbnail\" alt=\"J\u00e9r\u00f4me Adam \u00e0 Bruxelles devant le r\u00e9seau entrepreneurs de 1819\" srcset=\"https:\/\/www.jeromeadam.com\/wp-content\/uploads\/2019\/01\/Jerome-Adam-a-Bruxelles-devant-le-reseau-entrepreneurs-de-1819-01-66x66.jpg 66w, https:\/\/www.jeromeadam.com\/wp-content\/uploads\/2019\/01\/Jerome-Adam-a-Bruxelles-devant-le-reseau-entrepreneurs-de-1819-01-150x150.jpg 150w\" sizes=\"(max-width: 150px) 100vw, 150px\" \/><\/a>\n\t\t\t<\/dt><\/dl><dl class='gallery-item'>\n\t\t\t<dt class='gallery-icon landscape'>\n\t\t\t\t<a data-rel=\"iLightbox[postimages]\" data-title=\"Jerome-Adam-a-Bruxelles-devant-le-reseau-entrepreneurs-de-1819-02\" data-caption=\"\" href='https:\/\/www.jeromeadam.com\/wp-content\/uploads\/2019\/01\/Jerome-Adam-a-Bruxelles-devant-le-reseau-entrepreneurs-de-1819-02.jpg'><img decoding=\"async\" width=\"150\" height=\"150\" src=\"https:\/\/www.jeromeadam.com\/wp-content\/uploads\/2019\/01\/Jerome-Adam-a-Bruxelles-devant-le-reseau-entrepreneurs-de-1819-02-150x150.jpg\" class=\"attachment-thumbnail size-thumbnail\" alt=\"Apr\u00e8s un \u00ab\u00a0Leadership Meeting\u00a0\u00bb aupr\u00e8s des directeurs de la soci\u00e9t\u00e9 Eqiom (ex Holcim France, n\u00e9e en 2015 de la fusion entre Lafarge et Holcim), j\u2019ai donn\u00e9 fin 2018 une conf\u00e9rence en Belgique aupr\u00e8s du r\u00e9seau 1819 qui porte haut les couleurs de l\u2019entrepreneuriat.\" srcset=\"https:\/\/www.jeromeadam.com\/wp-content\/uploads\/2019\/01\/Jerome-Adam-a-Bruxelles-devant-le-reseau-entrepreneurs-de-1819-02-66x66.jpg 66w, https:\/\/www.jeromeadam.com\/wp-content\/uploads\/2019\/01\/Jerome-Adam-a-Bruxelles-devant-le-reseau-entrepreneurs-de-1819-02-150x150.jpg 150w\" sizes=\"(max-width: 150px) 100vw, 150px\" \/><\/a>\n\t\t\t<\/dt><\/dl><dl class='gallery-item'>\n\t\t\t<dt class='gallery-icon landscape'>\n\t\t\t\t<a data-rel=\"iLightbox[postimages]\" data-title=\"Jerome-Adam-a-Bruxelles-devant-le-reseau-entrepreneurs-de-1819-03\" data-caption=\"\" href='https:\/\/www.jeromeadam.com\/wp-content\/uploads\/2019\/01\/Jerome-Adam-a-Bruxelles-devant-le-reseau-entrepreneurs-de-1819-03.jpg'><img decoding=\"async\" width=\"150\" height=\"150\" src=\"https:\/\/www.jeromeadam.com\/wp-content\/uploads\/2019\/01\/Jerome-Adam-a-Bruxelles-devant-le-reseau-entrepreneurs-de-1819-03-150x150.jpg\" class=\"attachment-thumbnail size-thumbnail\" alt=\"Apr\u00e8s un \u00ab\u00a0Leadership Meeting\u00a0\u00bb aupr\u00e8s des directeurs de la soci\u00e9t\u00e9 Eqiom (ex Holcim France, n\u00e9e en 2015 de la fusion entre Lafarge et Holcim), j\u2019ai donn\u00e9 fin 2018 une conf\u00e9rence en Belgique aupr\u00e8s du r\u00e9seau 1819 qui porte haut les couleurs de l\u2019entrepreneuriat.\" srcset=\"https:\/\/www.jeromeadam.com\/wp-content\/uploads\/2019\/01\/Jerome-Adam-a-Bruxelles-devant-le-reseau-entrepreneurs-de-1819-03-66x66.jpg 66w, https:\/\/www.jeromeadam.com\/wp-content\/uploads\/2019\/01\/Jerome-Adam-a-Bruxelles-devant-le-reseau-entrepreneurs-de-1819-03-150x150.jpg 150w\" sizes=\"(max-width: 150px) 100vw, 150px\" \/><\/a>\n\t\t\t<\/dt><\/dl><dl class='gallery-item'>\n\t\t\t<dt class='gallery-icon landscape'>\n\t\t\t\t<a data-rel=\"iLightbox[postimages]\" data-title=\"Jerome-Adam-a-Bruxelles-devant-le-reseau-entrepreneurs-de-1819-04\" data-caption=\"\" href='https:\/\/www.jeromeadam.com\/wp-content\/uploads\/2019\/01\/Jerome-Adam-a-Bruxelles-devant-le-reseau-entrepreneurs-de-1819-04-1.jpg'><img decoding=\"async\" width=\"150\" height=\"150\" src=\"https:\/\/www.jeromeadam.com\/wp-content\/uploads\/2019\/01\/Jerome-Adam-a-Bruxelles-devant-le-reseau-entrepreneurs-de-1819-04-1-150x150.jpg\" class=\"attachment-thumbnail size-thumbnail\" alt=\"Apr\u00e8s un \u00ab\u00a0Leadership Meeting\u00a0\u00bb aupr\u00e8s des directeurs de la soci\u00e9t\u00e9 Eqiom (ex Holcim France, n\u00e9e en 2015 de la fusion entre Lafarge et Holcim), j\u2019ai donn\u00e9 fin 2018 une conf\u00e9rence en Belgique aupr\u00e8s du r\u00e9seau 1819 qui porte haut les couleurs de l\u2019entrepreneuriat.\" srcset=\"https:\/\/www.jeromeadam.com\/wp-content\/uploads\/2019\/01\/Jerome-Adam-a-Bruxelles-devant-le-reseau-entrepreneurs-de-1819-04-1-66x66.jpg 66w, https:\/\/www.jeromeadam.com\/wp-content\/uploads\/2019\/01\/Jerome-Adam-a-Bruxelles-devant-le-reseau-entrepreneurs-de-1819-04-1-150x150.jpg 150w\" sizes=\"(max-width: 150px) 100vw, 150px\" \/><\/a>\n\t\t\t<\/dt><\/dl><br style=\"clear: both\" \/>\n\t\t<\/div>\n\n<\/div><div class=\"fusion-sep-clear\"><\/div><div class=\"fusion-separator fusion-full-width-sep\" style=\"margin-left: auto;margin-right: auto;margin-top:20px;width:100%;\"><\/div><div class=\"fusion-sep-clear\"><\/div><div class=\"fusion-text fusion-text-2\"><div style=\"background-color: #264e9e; box-sizing: border-box; color: #5c6668; display: table; font-family: Raleway; font-size: 16px; height: 74px; line-height: 36px; margin-bottom: 0px; margin-top: 60px; width: 914px; padding: 15px 20px 15px 20px;\">\n<h4 style=\"text-align: center; display: inline; color: #ffffff;\">Share this post:<\/h4>\n<div style=\"text-align: center; display: inline;\">\n<div class=\"juiz_sps_links  counters_both juiz_sps_displayed_nowhere\" data-post-id=\"2099\">\n<p class=\"screen-reader-text juiz_sps_maybe_hidden_text\">Share the post \"Leadership Meeting and Conference in Brussels to Cap off 2018\"<\/p>\n\n\t<ul class=\"juiz_sps_links_list juiz_sps_hide_name\" onclick=\"void(0);\"><li class=\"juiz_sps_item juiz_sps_link_facebook\"><a href=\"https:\/\/www.facebook.com\/sharer.php?u=https%3A%2F%2Fwww.jeromeadam.com%2Fen%2Fwp-json%2Fwp%2Fv2%2Fposts%2F2099\" rel=\"nofollow\"  target=\"_blank\"  title=\"Share this article on Facebook\" class=\"juiz_sps_button\" data-nobs-key=\"facebook\"><span class=\"juiz_sps_icon jsps-facebook\"><\/span><span class=\"juiz_sps_network_name\">Facebook<\/span><\/a><\/li><li class=\"juiz_sps_item juiz_sps_link_twitter\"><a href=\"https:\/\/x.com\/intent\/tweet?source=webclient&#038;original_referer=https%3A%2F%2Fwww.jeromeadam.com%2Fen%2Fwp-json%2Fwp%2Fv2%2Fposts%2F2099&#038;text=Leadership%20Meeting%20and%20Conference%20in%20Brussels%20to%20Cap%20off%202018&#038;url=https%3A%2F%2Fwww.jeromeadam.com%2Fen%2Fwp-json%2Fwp%2Fv2%2Fposts%2F2099&#038;related=thejeromeadam&#038;via=thejeromeadam\" rel=\"nofollow\"  target=\"_blank\"  title=\"Share this article on X\" class=\"juiz_sps_button\" data-nobs-key=\"twitter\"><span class=\"juiz_sps_icon jsps-twitter\"><\/span><span class=\"juiz_sps_network_name\">X<\/span><\/a><\/li><li class=\"juiz_sps_item juiz_sps_link_linkedin\"><a href=\"https:\/\/www.linkedin.com\/sharing\/share-offsite\/?url=https%3A%2F%2Fwww.jeromeadam.com%2Fen%2Fwp-json%2Fwp%2Fv2%2Fposts%2F2099\" rel=\"nofollow\"  target=\"_blank\"  title=\"Share this article on LinkedIn\" class=\"juiz_sps_button\" data-nobs-key=\"linkedin\"><span class=\"juiz_sps_icon jsps-linkedin\"><\/span><span class=\"juiz_sps_network_name\">LinkedIn<\/span><\/a><\/li><li class=\"juiz_sps_item juiz_sps_link_viadeo\"><a href=\"https:\/\/www.viadeo.com\/en\/widgets\/share\/preview?url=https%3A%2F%2Fwww.jeromeadam.com%2Fen%2Fwp-json%2Fwp%2Fv2%2Fposts%2F2099&#038;comment=Leadership%20Meeting%20and%20Conference%20in%20Brussels%20to%20Cap%20off%202018\" rel=\"nofollow\"  target=\"_blank\"  title=\"Share this article on Viadeo\" class=\"juiz_sps_button\" data-nobs-key=\"viadeo\"><span class=\"juiz_sps_icon jsps-viadeo\"><\/span><span class=\"juiz_sps_network_name\">Viadeo<\/span><\/a><\/li><li class=\"juiz_sps_item juiz_sps_link_mail\"><a href=\"mailto:?subject=Un%20bon%20lien%20\u00e0%20visiter%20sur%20https:\/\/www.jeromeadam.com&#038;body=Bonjour%20!%20J&#039;ai%20trouv\u00e9%20cette%20information%20pour%20toi&nbsp;:%20Leadership%20Meeting%20and%20Conference%20in%20Brussels%20to%20Cap%20off%202018&nbsp;!%20Voici%20le%20lien%20direct&nbsp;:%20https:\/\/www.jeromeadam.com\/en\/leadership-meeting-and-conference-in-brussels-to-cap-off-2018\/%20Bonne%20journ\u00e9e%20:)\" rel=\"nofollow\"  target=\"_blank\"  title=\"Share this article with a friend (email)\" class=\"juiz_sps_button\" data-nobs-key=\"mail\"><span class=\"juiz_sps_icon jsps-mail\"><\/span><span class=\"juiz_sps_network_name\">Email<\/span><\/a><\/li><\/ul>\n\t<\/div>\n\n<\/div>\n<\/div>\n<\/div><div class=\"fusion-clearfix\"><\/div><\/div><\/div><div class=\"fusion-layout-column fusion_builder_column fusion-builder-column-1 fusion_builder_column_1_5 1_5 fusion-one-fifth\" style=\"--awb-bg-size:cover;width:20%;width:calc(20% - ( ( 4% + 4% ) * 0.2 ) );margin-right: 4%;\"><div class=\"fusion-column-wrapper fusion-flex-column-wrapper-legacy\"><div class=\"fusion-clearfix\"><\/div><\/div><\/div><div class=\"fusion-layout-column fusion_builder_column fusion-builder-column-2 fusion_builder_column_1_5 1_5 fusion-one-fifth fusion-column-last\" style=\"--awb-bg-size:cover;width:20%;width:calc(20% - ( ( 4% + 4% ) * 0.2 ) );\"><div class=\"fusion-column-wrapper fusion-flex-column-wrapper-legacy\"><div class=\"fusion-widget-area awb-widget-area-element fusion-widget-area-1 fusion-content-widget-area\" style=\"--awb-title-size:30px;--awb-title-color:#262e44;--awb-padding:0px 0px 0px 0px;\"><section id=\"categories-2\" class=\"widget widget_categories\"><div class=\"heading\"><h4 class=\"widget-title\">Categories<\/h4><\/div>\n\t\t\t<ul>\n\t\t\t\t\t<li class=\"cat-item cat-item-53\"><a href=\"https:\/\/www.jeromeadam.com\/en\/category\/key-messages-en\/\">Key Messages (6)<\/a>\n<\/li>\n\t<li class=\"cat-item cat-item-66\"><a href=\"https:\/\/www.jeromeadam.com\/en\/category\/news\/media\/\">Media (5)<\/a>\n<\/li>\n\t<li class=\"cat-item cat-item-55\"><a href=\"https:\/\/www.jeromeadam.com\/en\/category\/news\/\">News (13)<\/a>\n<\/li>\n\t<li class=\"cat-item cat-item-54\"><a href=\"https:\/\/www.jeromeadam.com\/en\/category\/open-forum\/\">Open Forum (6)<\/a>\n<\/li>\n\t\t\t<\/ul>\n\n\t\t\t<\/section>\n\t\t<section id=\"recent-posts-2\" class=\"widget widget_recent_entries\">\n\t\t<div class=\"heading\"><h4 class=\"widget-title\">Recent Posts<\/h4><\/div>\n\t\t<ul>\n\t\t\t\t\t\t\t\t\t\t\t<li>\n\t\t\t\t\t<a href=\"https:\/\/www.jeromeadam.com\/en\/every-reason-to-be-happy-origin-of-a-unique-film-about-addiction\/\">\u201cEvery Reason to be Happy?\u201d Origin of a unique film about addiction<\/a>\n\t\t\t\t\t\t\t\t\t<\/li>\n\t\t\t\t\t\t\t\t\t\t\t<li>\n\t\t\t\t\t<a href=\"https:\/\/www.jeromeadam.com\/en\/jury-panel-and-conference-at-the-urban-student-business-challenge-cube-in-reims\/\">Jury Panel and Conference at the Urban Student Business Challenge (CUBE) in Reims<\/a>\n\t\t\t\t\t\t\t\t\t<\/li>\n\t\t\t\t\t\t\t\t\t\t\t<li>\n\t\t\t\t\t<a href=\"https:\/\/www.jeromeadam.com\/en\/the-weight-of-another-s-gaze\/\">The Weight of Another&#8217;s Gaze<\/a>\n\t\t\t\t\t\t\t\t\t<\/li>\n\t\t\t\t\t\t\t\t\t\t\t<li>\n\t\t\t\t\t<a href=\"https:\/\/www.jeromeadam.com\/en\/intervention-during-the-l-occitane-foundation-team-building\/\">Intervention during the L\u2019OCCITANE Foundation Team Building<\/a>\n\t\t\t\t\t\t\t\t\t<\/li>\n\t\t\t\t\t\t\t\t\t\t\t<li>\n\t\t\t\t\t<a href=\"https:\/\/www.jeromeadam.com\/en\/conference-in-front-of-the-whole-company-chryso-france\/\">Conference in front of the whole company Chryso France<\/a>\n\t\t\t\t\t\t\t\t\t<\/li>\n\t\t\t\t\t<\/ul>\n\n\t\t<\/section><div class=\"fusion-additional-widget-content\"><\/div><\/div><div class=\"fusion-clearfix\"><\/div><\/div><\/div><\/div><\/div>\n","protected":false},"excerpt":{"rendered":"","protected":false},"author":3,"featured_media":2074,"comment_status":"open","ping_status":"closed","sticky":false,"template":"","format":"standard","meta":{"footnotes":""},"categories":[55],"tags":[],"class_list":["post-2099","post","type-post","status-publish","format-standard","has-post-thumbnail","hentry","category-news"],"yoast_head":"<!-- This site is optimized with the Yoast SEO plugin v27.5 - https:\/\/yoast.com\/product\/yoast-seo-wordpress\/ -->\n<title>Leadership Meeting and Conference in Brussels to Cap off 2018 - J\u00e9r\u00f4me Adam - Conf\u00e9rencier Entrepreneur<\/title>\n<meta name=\"description\" content=\"After a leadership meeting with Eqiom management, I presented at the end of 2018 in Belgium a conference to the 1819 network.\" \/>\n<meta name=\"robots\" content=\"index, follow, max-snippet:-1, max-image-preview:large, max-video-preview:-1\" \/>\n<link rel=\"canonical\" href=\"https:\/\/www.jeromeadam.com\/en\/leadership-meeting-and-conference-in-brussels-to-cap-off-2018\/\" \/>\n<meta property=\"og:locale\" content=\"en_US\" \/>\n<meta property=\"og:type\" content=\"article\" \/>\n<meta property=\"og:title\" content=\"Leadership Meeting and Conference in Brussels to Cap off 2018 - J\u00e9r\u00f4me Adam - Conf\u00e9rencier Entrepreneur\" \/>\n<meta property=\"og:description\" content=\"L\u2019agence Brightness, partenaire de TEDxParis, m\u2019a sollicit\u00e9 pour une conf\u00e9rence sur le th\u00e8me de la performance aux c\u00f4t\u00e9s de deux autres intervenants.\" \/>\n<meta property=\"og:url\" content=\"https:\/\/www.jeromeadam.com\/en\/leadership-meeting-and-conference-in-brussels-to-cap-off-2018\/\" \/>\n<meta property=\"og:site_name\" content=\"J\u00e9r\u00f4me Adam - Conf\u00e9rencier Entrepreneur\" \/>\n<meta property=\"article:publisher\" content=\"https:\/\/www.facebook.com\/jeromeAdamFanPage\" \/>\n<meta property=\"article:published_time\" content=\"2018-12-24T10:33:53+00:00\" \/>\n<meta property=\"article:modified_time\" content=\"2019-01-28T16:52:02+00:00\" \/>\n<meta property=\"og:image\" content=\"https:\/\/www.jeromeadam.com\/wp-content\/uploads\/2019\/01\/Jerome-Adam-a-Bruxelles-devant-le-reseau-entrepreneurs-de-1819-01-1024x683.jpg\" \/>\n\t<meta property=\"og:image:width\" content=\"1024\" \/>\n\t<meta property=\"og:image:height\" content=\"683\" \/>\n\t<meta property=\"og:image:type\" content=\"image\/jpeg\" \/>\n<meta name=\"author\" content=\"J\u00e9r\u00f4me Adam\" \/>\n<meta name=\"twitter:card\" content=\"summary_large_image\" \/>\n<meta name=\"twitter:description\" content=\"C\u2019est dans un lieu tr\u00e8s symbolique du pouvoir et de la d\u00e9cision que j\u2019ai donn\u00e9 ma conf\u00e9rence \u00ab\u00a0Lib\u00e9rer son pouvoir de d\u00e9cision\u00a0\u00bb mercredi 10 octobre.\" \/>\n<meta name=\"twitter:image\" content=\"https:\/\/www.jeromeadam.com\/wp-content\/uploads\/2018\/10\/Jerome-Adam-avec-dix-managers-de-TechnicAtome-au-Cercle-National-des-Armees.jpg\" \/>\n<meta name=\"twitter:creator\" content=\"@thejeromeadam\" \/>\n<meta name=\"twitter:site\" content=\"@thejeromeadam\" \/>\n<meta name=\"twitter:label1\" content=\"Written by\" \/>\n\t<meta name=\"twitter:data1\" content=\"J\u00e9r\u00f4me Adam\" \/>\n\t<meta name=\"twitter:label2\" content=\"Est. reading time\" \/>\n\t<meta name=\"twitter:data2\" content=\"4 minutes\" \/>\n<script type=\"application\/ld+json\" class=\"yoast-schema-graph\">{\"@context\":\"https:\\\/\\\/schema.org\",\"@graph\":[{\"@type\":\"Article\",\"@id\":\"https:\\\/\\\/www.jeromeadam.com\\\/en\\\/leadership-meeting-and-conference-in-brussels-to-cap-off-2018\\\/#article\",\"isPartOf\":{\"@id\":\"https:\\\/\\\/www.jeromeadam.com\\\/en\\\/leadership-meeting-and-conference-in-brussels-to-cap-off-2018\\\/\"},\"author\":{\"name\":\"J\u00e9r\u00f4me Adam\",\"@id\":\"https:\\\/\\\/www.jeromeadam.com\\\/en\\\/#\\\/schema\\\/person\\\/5e5b76acffcd395ca6c14b36c4a3bcb5\"},\"headline\":\"Leadership Meeting and Conference in Brussels to Cap off 2018\",\"datePublished\":\"2018-12-24T10:33:53+00:00\",\"dateModified\":\"2019-01-28T16:52:02+00:00\",\"mainEntityOfPage\":{\"@id\":\"https:\\\/\\\/www.jeromeadam.com\\\/en\\\/leadership-meeting-and-conference-in-brussels-to-cap-off-2018\\\/\"},\"wordCount\":824,\"commentCount\":0,\"publisher\":{\"@id\":\"https:\\\/\\\/www.jeromeadam.com\\\/en\\\/#organization\"},\"image\":{\"@id\":\"https:\\\/\\\/www.jeromeadam.com\\\/en\\\/leadership-meeting-and-conference-in-brussels-to-cap-off-2018\\\/#primaryimage\"},\"thumbnailUrl\":\"https:\\\/\\\/www.jeromeadam.com\\\/wp-content\\\/uploads\\\/2019\\\/01\\\/Jerome-Adam-a-Bruxelles-devant-le-reseau-entrepreneurs-de-1819-01.jpg\",\"articleSection\":[\"News\"],\"inLanguage\":\"en-US\",\"potentialAction\":[{\"@type\":\"CommentAction\",\"name\":\"Comment\",\"target\":[\"https:\\\/\\\/www.jeromeadam.com\\\/en\\\/leadership-meeting-and-conference-in-brussels-to-cap-off-2018\\\/#respond\"]}]},{\"@type\":\"WebPage\",\"@id\":\"https:\\\/\\\/www.jeromeadam.com\\\/en\\\/leadership-meeting-and-conference-in-brussels-to-cap-off-2018\\\/\",\"url\":\"https:\\\/\\\/www.jeromeadam.com\\\/en\\\/leadership-meeting-and-conference-in-brussels-to-cap-off-2018\\\/\",\"name\":\"Leadership Meeting and Conference in Brussels to Cap off 2018 - J\u00e9r\u00f4me Adam - Conf\u00e9rencier Entrepreneur\",\"isPartOf\":{\"@id\":\"https:\\\/\\\/www.jeromeadam.com\\\/en\\\/#website\"},\"primaryImageOfPage\":{\"@id\":\"https:\\\/\\\/www.jeromeadam.com\\\/en\\\/leadership-meeting-and-conference-in-brussels-to-cap-off-2018\\\/#primaryimage\"},\"image\":{\"@id\":\"https:\\\/\\\/www.jeromeadam.com\\\/en\\\/leadership-meeting-and-conference-in-brussels-to-cap-off-2018\\\/#primaryimage\"},\"thumbnailUrl\":\"https:\\\/\\\/www.jeromeadam.com\\\/wp-content\\\/uploads\\\/2019\\\/01\\\/Jerome-Adam-a-Bruxelles-devant-le-reseau-entrepreneurs-de-1819-01.jpg\",\"datePublished\":\"2018-12-24T10:33:53+00:00\",\"dateModified\":\"2019-01-28T16:52:02+00:00\",\"description\":\"After a leadership meeting with Eqiom management, I presented at the end of 2018 in Belgium a conference to the 1819 network.\",\"breadcrumb\":{\"@id\":\"https:\\\/\\\/www.jeromeadam.com\\\/en\\\/leadership-meeting-and-conference-in-brussels-to-cap-off-2018\\\/#breadcrumb\"},\"inLanguage\":\"en-US\",\"potentialAction\":[{\"@type\":\"ReadAction\",\"target\":[\"https:\\\/\\\/www.jeromeadam.com\\\/en\\\/leadership-meeting-and-conference-in-brussels-to-cap-off-2018\\\/\"]}]},{\"@type\":\"ImageObject\",\"inLanguage\":\"en-US\",\"@id\":\"https:\\\/\\\/www.jeromeadam.com\\\/en\\\/leadership-meeting-and-conference-in-brussels-to-cap-off-2018\\\/#primaryimage\",\"url\":\"https:\\\/\\\/www.jeromeadam.com\\\/wp-content\\\/uploads\\\/2019\\\/01\\\/Jerome-Adam-a-Bruxelles-devant-le-reseau-entrepreneurs-de-1819-01.jpg\",\"contentUrl\":\"https:\\\/\\\/www.jeromeadam.com\\\/wp-content\\\/uploads\\\/2019\\\/01\\\/Jerome-Adam-a-Bruxelles-devant-le-reseau-entrepreneurs-de-1819-01.jpg\",\"width\":5000,\"height\":3333,\"caption\":\"J\u00e9r\u00f4me Adam \u00e0 Bruxelles devant le r\u00e9seau entrepreneurs de 1819\"},{\"@type\":\"BreadcrumbList\",\"@id\":\"https:\\\/\\\/www.jeromeadam.com\\\/en\\\/leadership-meeting-and-conference-in-brussels-to-cap-off-2018\\\/#breadcrumb\",\"itemListElement\":[{\"@type\":\"ListItem\",\"position\":1,\"name\":\"Accueil\",\"item\":\"https:\\\/\\\/www.jeromeadam.com\\\/en\\\/\"},{\"@type\":\"ListItem\",\"position\":2,\"name\":\"Leadership Meeting and Conference in Brussels to Cap off 2018\"}]},{\"@type\":\"WebSite\",\"@id\":\"https:\\\/\\\/www.jeromeadam.com\\\/en\\\/#website\",\"url\":\"https:\\\/\\\/www.jeromeadam.com\\\/en\\\/\",\"name\":\"J\u00e9r\u00f4me Adam - Conf\u00e9rencier Entrepreneur\",\"description\":\"\",\"publisher\":{\"@id\":\"https:\\\/\\\/www.jeromeadam.com\\\/en\\\/#organization\"},\"potentialAction\":[{\"@type\":\"SearchAction\",\"target\":{\"@type\":\"EntryPoint\",\"urlTemplate\":\"https:\\\/\\\/www.jeromeadam.com\\\/en\\\/?s={search_term_string}\"},\"query-input\":{\"@type\":\"PropertyValueSpecification\",\"valueRequired\":true,\"valueName\":\"search_term_string\"}}],\"inLanguage\":\"en-US\"},{\"@type\":\"Organization\",\"@id\":\"https:\\\/\\\/www.jeromeadam.com\\\/en\\\/#organization\",\"name\":\"J\u00e9r\u00f4me Adam\",\"url\":\"https:\\\/\\\/www.jeromeadam.com\\\/en\\\/\",\"logo\":{\"@type\":\"ImageObject\",\"inLanguage\":\"en-US\",\"@id\":\"https:\\\/\\\/www.jeromeadam.com\\\/en\\\/#\\\/schema\\\/logo\\\/image\\\/\",\"url\":\"https:\\\/\\\/www.jeromeadam.com\\\/wp-content\\\/uploads\\\/2018\\\/02\\\/logo-jerome-adam-horizontal-43.png\",\"contentUrl\":\"https:\\\/\\\/www.jeromeadam.com\\\/wp-content\\\/uploads\\\/2018\\\/02\\\/logo-jerome-adam-horizontal-43.png\",\"width\":210,\"height\":43,\"caption\":\"J\u00e9r\u00f4me Adam\"},\"image\":{\"@id\":\"https:\\\/\\\/www.jeromeadam.com\\\/en\\\/#\\\/schema\\\/logo\\\/image\\\/\"},\"sameAs\":[\"https:\\\/\\\/www.facebook.com\\\/jeromeAdamFanPage\",\"https:\\\/\\\/x.com\\\/thejeromeadam\",\"http:\\\/\\\/fr.linkedin.com\\\/in\\\/thejeromeadam\"]},{\"@type\":\"Person\",\"@id\":\"https:\\\/\\\/www.jeromeadam.com\\\/en\\\/#\\\/schema\\\/person\\\/5e5b76acffcd395ca6c14b36c4a3bcb5\",\"name\":\"J\u00e9r\u00f4me Adam\"}]}<\/script>\n<!-- \/ Yoast SEO plugin. -->","yoast_head_json":{"title":"Leadership Meeting and Conference in Brussels to Cap off 2018 - J\u00e9r\u00f4me Adam - Conf\u00e9rencier Entrepreneur","description":"After a leadership meeting with Eqiom management, I presented at the end of 2018 in Belgium a conference to the 1819 network.","robots":{"index":"index","follow":"follow","max-snippet":"max-snippet:-1","max-image-preview":"max-image-preview:large","max-video-preview":"max-video-preview:-1"},"canonical":"https:\/\/www.jeromeadam.com\/en\/leadership-meeting-and-conference-in-brussels-to-cap-off-2018\/","og_locale":"en_US","og_type":"article","og_title":"Leadership Meeting and Conference in Brussels to Cap off 2018 - J\u00e9r\u00f4me Adam - Conf\u00e9rencier Entrepreneur","og_description":"L\u2019agence Brightness, partenaire de TEDxParis, m\u2019a sollicit\u00e9 pour une conf\u00e9rence sur le th\u00e8me de la performance aux c\u00f4t\u00e9s de deux autres intervenants.","og_url":"https:\/\/www.jeromeadam.com\/en\/leadership-meeting-and-conference-in-brussels-to-cap-off-2018\/","og_site_name":"J\u00e9r\u00f4me Adam - Conf\u00e9rencier Entrepreneur","article_publisher":"https:\/\/www.facebook.com\/jeromeAdamFanPage","article_published_time":"2018-12-24T10:33:53+00:00","article_modified_time":"2019-01-28T16:52:02+00:00","og_image":[{"width":1024,"height":683,"url":"https:\/\/www.jeromeadam.com\/wp-content\/uploads\/2019\/01\/Jerome-Adam-a-Bruxelles-devant-le-reseau-entrepreneurs-de-1819-01-1024x683.jpg","type":"image\/jpeg"}],"author":"J\u00e9r\u00f4me Adam","twitter_card":"summary_large_image","twitter_description":"C\u2019est dans un lieu tr\u00e8s symbolique du pouvoir et de la d\u00e9cision que j\u2019ai donn\u00e9 ma conf\u00e9rence \u00ab\u00a0Lib\u00e9rer son pouvoir de d\u00e9cision\u00a0\u00bb mercredi 10 octobre.","twitter_image":"https:\/\/www.jeromeadam.com\/wp-content\/uploads\/2018\/10\/Jerome-Adam-avec-dix-managers-de-TechnicAtome-au-Cercle-National-des-Armees.jpg","twitter_creator":"@thejeromeadam","twitter_site":"@thejeromeadam","twitter_misc":{"Written by":"J\u00e9r\u00f4me Adam","Est. reading time":"4 minutes"},"schema":{"@context":"https:\/\/schema.org","@graph":[{"@type":"Article","@id":"https:\/\/www.jeromeadam.com\/en\/leadership-meeting-and-conference-in-brussels-to-cap-off-2018\/#article","isPartOf":{"@id":"https:\/\/www.jeromeadam.com\/en\/leadership-meeting-and-conference-in-brussels-to-cap-off-2018\/"},"author":{"name":"J\u00e9r\u00f4me Adam","@id":"https:\/\/www.jeromeadam.com\/en\/#\/schema\/person\/5e5b76acffcd395ca6c14b36c4a3bcb5"},"headline":"Leadership Meeting and Conference in Brussels to Cap off 2018","datePublished":"2018-12-24T10:33:53+00:00","dateModified":"2019-01-28T16:52:02+00:00","mainEntityOfPage":{"@id":"https:\/\/www.jeromeadam.com\/en\/leadership-meeting-and-conference-in-brussels-to-cap-off-2018\/"},"wordCount":824,"commentCount":0,"publisher":{"@id":"https:\/\/www.jeromeadam.com\/en\/#organization"},"image":{"@id":"https:\/\/www.jeromeadam.com\/en\/leadership-meeting-and-conference-in-brussels-to-cap-off-2018\/#primaryimage"},"thumbnailUrl":"https:\/\/www.jeromeadam.com\/wp-content\/uploads\/2019\/01\/Jerome-Adam-a-Bruxelles-devant-le-reseau-entrepreneurs-de-1819-01.jpg","articleSection":["News"],"inLanguage":"en-US","potentialAction":[{"@type":"CommentAction","name":"Comment","target":["https:\/\/www.jeromeadam.com\/en\/leadership-meeting-and-conference-in-brussels-to-cap-off-2018\/#respond"]}]},{"@type":"WebPage","@id":"https:\/\/www.jeromeadam.com\/en\/leadership-meeting-and-conference-in-brussels-to-cap-off-2018\/","url":"https:\/\/www.jeromeadam.com\/en\/leadership-meeting-and-conference-in-brussels-to-cap-off-2018\/","name":"Leadership Meeting and Conference in Brussels to Cap off 2018 - J\u00e9r\u00f4me Adam - Conf\u00e9rencier Entrepreneur","isPartOf":{"@id":"https:\/\/www.jeromeadam.com\/en\/#website"},"primaryImageOfPage":{"@id":"https:\/\/www.jeromeadam.com\/en\/leadership-meeting-and-conference-in-brussels-to-cap-off-2018\/#primaryimage"},"image":{"@id":"https:\/\/www.jeromeadam.com\/en\/leadership-meeting-and-conference-in-brussels-to-cap-off-2018\/#primaryimage"},"thumbnailUrl":"https:\/\/www.jeromeadam.com\/wp-content\/uploads\/2019\/01\/Jerome-Adam-a-Bruxelles-devant-le-reseau-entrepreneurs-de-1819-01.jpg","datePublished":"2018-12-24T10:33:53+00:00","dateModified":"2019-01-28T16:52:02+00:00","description":"After a leadership meeting with Eqiom management, I presented at the end of 2018 in Belgium a conference to the 1819 network.","breadcrumb":{"@id":"https:\/\/www.jeromeadam.com\/en\/leadership-meeting-and-conference-in-brussels-to-cap-off-2018\/#breadcrumb"},"inLanguage":"en-US","potentialAction":[{"@type":"ReadAction","target":["https:\/\/www.jeromeadam.com\/en\/leadership-meeting-and-conference-in-brussels-to-cap-off-2018\/"]}]},{"@type":"ImageObject","inLanguage":"en-US","@id":"https:\/\/www.jeromeadam.com\/en\/leadership-meeting-and-conference-in-brussels-to-cap-off-2018\/#primaryimage","url":"https:\/\/www.jeromeadam.com\/wp-content\/uploads\/2019\/01\/Jerome-Adam-a-Bruxelles-devant-le-reseau-entrepreneurs-de-1819-01.jpg","contentUrl":"https:\/\/www.jeromeadam.com\/wp-content\/uploads\/2019\/01\/Jerome-Adam-a-Bruxelles-devant-le-reseau-entrepreneurs-de-1819-01.jpg","width":5000,"height":3333,"caption":"J\u00e9r\u00f4me Adam \u00e0 Bruxelles devant le r\u00e9seau entrepreneurs de 1819"},{"@type":"BreadcrumbList","@id":"https:\/\/www.jeromeadam.com\/en\/leadership-meeting-and-conference-in-brussels-to-cap-off-2018\/#breadcrumb","itemListElement":[{"@type":"ListItem","position":1,"name":"Accueil","item":"https:\/\/www.jeromeadam.com\/en\/"},{"@type":"ListItem","position":2,"name":"Leadership Meeting and Conference in Brussels to Cap off 2018"}]},{"@type":"WebSite","@id":"https:\/\/www.jeromeadam.com\/en\/#website","url":"https:\/\/www.jeromeadam.com\/en\/","name":"J\u00e9r\u00f4me Adam - Conf\u00e9rencier Entrepreneur","description":"","publisher":{"@id":"https:\/\/www.jeromeadam.com\/en\/#organization"},"potentialAction":[{"@type":"SearchAction","target":{"@type":"EntryPoint","urlTemplate":"https:\/\/www.jeromeadam.com\/en\/?s={search_term_string}"},"query-input":{"@type":"PropertyValueSpecification","valueRequired":true,"valueName":"search_term_string"}}],"inLanguage":"en-US"},{"@type":"Organization","@id":"https:\/\/www.jeromeadam.com\/en\/#organization","name":"J\u00e9r\u00f4me Adam","url":"https:\/\/www.jeromeadam.com\/en\/","logo":{"@type":"ImageObject","inLanguage":"en-US","@id":"https:\/\/www.jeromeadam.com\/en\/#\/schema\/logo\/image\/","url":"https:\/\/www.jeromeadam.com\/wp-content\/uploads\/2018\/02\/logo-jerome-adam-horizontal-43.png","contentUrl":"https:\/\/www.jeromeadam.com\/wp-content\/uploads\/2018\/02\/logo-jerome-adam-horizontal-43.png","width":210,"height":43,"caption":"J\u00e9r\u00f4me Adam"},"image":{"@id":"https:\/\/www.jeromeadam.com\/en\/#\/schema\/logo\/image\/"},"sameAs":["https:\/\/www.facebook.com\/jeromeAdamFanPage","https:\/\/x.com\/thejeromeadam","http:\/\/fr.linkedin.com\/in\/thejeromeadam"]},{"@type":"Person","@id":"https:\/\/www.jeromeadam.com\/en\/#\/schema\/person\/5e5b76acffcd395ca6c14b36c4a3bcb5","name":"J\u00e9r\u00f4me Adam"}]}},"_links":{"self":[{"href":"https:\/\/www.jeromeadam.com\/en\/wp-json\/wp\/v2\/posts\/2099","targetHints":{"allow":["GET"]}}],"collection":[{"href":"https:\/\/www.jeromeadam.com\/en\/wp-json\/wp\/v2\/posts"}],"about":[{"href":"https:\/\/www.jeromeadam.com\/en\/wp-json\/wp\/v2\/types\/post"}],"author":[{"embeddable":true,"href":"https:\/\/www.jeromeadam.com\/en\/wp-json\/wp\/v2\/users\/3"}],"replies":[{"embeddable":true,"href":"https:\/\/www.jeromeadam.com\/en\/wp-json\/wp\/v2\/comments?post=2099"}],"version-history":[{"count":5,"href":"https:\/\/www.jeromeadam.com\/en\/wp-json\/wp\/v2\/posts\/2099\/revisions"}],"predecessor-version":[{"id":2106,"href":"https:\/\/www.jeromeadam.com\/en\/wp-json\/wp\/v2\/posts\/2099\/revisions\/2106"}],"wp:featuredmedia":[{"embeddable":true,"href":"https:\/\/www.jeromeadam.com\/en\/wp-json\/wp\/v2\/media\/2074"}],"wp:attachment":[{"href":"https:\/\/www.jeromeadam.com\/en\/wp-json\/wp\/v2\/media?parent=2099"}],"wp:term":[{"taxonomy":"category","embeddable":true,"href":"https:\/\/www.jeromeadam.com\/en\/wp-json\/wp\/v2\/categories?post=2099"},{"taxonomy":"post_tag","embeddable":true,"href":"https:\/\/www.jeromeadam.com\/en\/wp-json\/wp\/v2\/tags?post=2099"}],"curies":[{"name":"wp","href":"https:\/\/api.w.org\/{rel}","templated":true}]}}